{"id":14552,"date":"2026-02-14T15:52:15","date_gmt":"2026-02-14T12:52:15","guid":{"rendered":"https:\/\/zeynepmetin.com\/fr\/?p=14552"},"modified":"2026-02-14T15:53:18","modified_gmt":"2026-02-14T12:53:18","slug":"quelle-est-la-tranche-dage-ideale-pour-une-greffe-de-cheveux","status":"publish","type":"post","link":"https:\/\/zeynepmetin.com\/fr\/quelle-est-la-tranche-dage-ideale-pour-une-greffe-de-cheveux.html\/","title":{"rendered":"Quelle est la tranche d\u2019\u00e2ge id\u00e9ale pour une greffe de cheveux ?"},"content":{"rendered":"<div data-elementor-type=\"wp-post\" data-elementor-id=\"14552\" class=\"elementor elementor-14552\" data-elementor-post-type=\"post\">\n\t\t\t\t\t\t<section class=\"elementor-section elementor-top-section elementor-element elementor-element-9d54df6 elementor-section-boxed elementor-section-height-default elementor-section-height-default wpr-particle-no wpr-jarallax-no wpr-parallax-no wpr-sticky-section-no\" data-id=\"9d54df6\" data-element_type=\"section\">\n\t\t\t\t\t\t<div class=\"elementor-container elementor-column-gap-default\">\n\t\t\t\t\t<div class=\"elementor-column elementor-col-100 elementor-top-column elementor-element elementor-element-c7a413d\" data-id=\"c7a413d\" data-element_type=\"column\">\n\t\t\t<div class=\"elementor-widget-wrap elementor-element-populated\">\n\t\t\t\t\t\t<div class=\"elementor-element elementor-element-13cf77e elementor-widget elementor-widget-text-editor\" data-id=\"13cf77e\" data-element_type=\"widget\" data-widget_type=\"text-editor.default\">\n\t\t\t\t<div class=\"elementor-widget-container\">\n\t\t\t\t\t\t\t<p data-start=\"264\" data-end=\"573\">La perte de cheveux est l\u2019un des probl\u00e8mes esth\u00e9tiques les plus courants, chez les hommes comme chez les femmes, et elle peut affecter la confiance en soi. L\u2019une des questions les plus fr\u00e9quentes des personnes qui envisagent une greffe est : <strong data-start=\"506\" data-end=\"573\">quel est l\u2019\u00e2ge le plus appropri\u00e9 pour r\u00e9aliser l\u2019intervention ?<\/strong><\/p><p data-start=\"575\" data-end=\"820\">Il n\u2019existe pas de r\u00e9ponse unique. La d\u00e9cision de proc\u00e9der \u00e0 une greffe ne d\u00e9pend pas uniquement de l\u2019\u00e2ge, mais aussi du type d\u2019alop\u00e9cie, de la pr\u00e9disposition g\u00e9n\u00e9tique, de la qualit\u00e9 de la zone donneuse et de la vitesse d\u2019\u00e9volution de la chute.<\/p>\t\t\t\t\t\t<\/div>\n\t\t\t\t<\/div>\n\t\t\t\t<div class=\"elementor-element elementor-element-c9e42b0 elementor-widget elementor-widget-video\" data-id=\"c9e42b0\" data-element_type=\"widget\" data-settings=\"{&quot;youtube_url&quot;:&quot;https:\\\/\\\/www.youtube.com\\\/watch?v=KZ3B8K0_0aE&quot;,&quot;video_type&quot;:&quot;youtube&quot;,&quot;controls&quot;:&quot;yes&quot;}\" data-widget_type=\"video.default\">\n\t\t\t\t<div class=\"elementor-widget-container\">\n\t\t\t\t\t<div class=\"elementor-wrapper elementor-open-inline\">\n\t\t\t<div class=\"elementor-video\"><\/div>\t\t<\/div>\n\t\t\t\t<\/div>\n\t\t\t\t<\/div>\n\t\t\t\t<div class=\"elementor-element elementor-element-7977f98 elementor-widget elementor-widget-text-editor\" data-id=\"7977f98\" data-element_type=\"widget\" data-widget_type=\"text-editor.default\">\n\t\t\t\t<div class=\"elementor-widget-container\">\n\t\t\t\t\t\t\t<h2>Quel est l\u2019\u00e2ge minimum pour une greffe de cheveux ?<\/h2><p data-start=\"878\" data-end=\"1107\">En r\u00e8gle g\u00e9n\u00e9rale, 18 ans constitue l\u2019\u00e2ge minimum. Toutefois, de nombreux sp\u00e9cialistes pr\u00e9f\u00e8rent \u00e9viter d\u2019intervenir trop t\u00f4t chez les patients au d\u00e9but de la vingtaine, car la perte de cheveux peut ne pas \u00eatre encore stabilis\u00e9e.<\/p><p data-start=\"1109\" data-end=\"1337\">Une intervention r\u00e9alis\u00e9e trop pr\u00e9cocement peut compromettre l\u2019harmonie esth\u00e9tique dans les ann\u00e9es suivantes si la chute continue. C\u2019est pourquoi il est essentiel de surveiller attentivement l\u2019\u00e9volution chez les patients jeunes.<\/p><h3 data-start=\"1339\" data-end=\"1389\">Est-il judicieux de faire une greffe \u00e0 20 ans ?<\/h3><p data-start=\"1391\" data-end=\"1585\">Une greffe peut \u00eatre r\u00e9alis\u00e9e dans la vingtaine, \u00e0 condition que la perte soit stabilis\u00e9e. Si la chute progresse rapidement, des traitements m\u00e9dicaux sont g\u00e9n\u00e9ralement envisag\u00e9s en premier lieu.<\/p><p data-start=\"1587\" data-end=\"1755\">Une ligne frontale mal planifi\u00e9e \u00e0 un jeune \u00e2ge peut para\u00eetre artificielle avec le temps. Une analyse approfondie par un sp\u00e9cialiste exp\u00e9riment\u00e9 est donc indispensable.<\/p><h3 data-start=\"1757\" data-end=\"1830\">Pourquoi la tranche 30\u201340 ans est-elle consid\u00e9r\u00e9e comme plus adapt\u00e9e ?<\/h3><p data-start=\"1832\" data-end=\"2010\">La p\u00e9riode situ\u00e9e entre 30 et 40 ans est souvent consid\u00e9r\u00e9e comme la plus appropri\u00e9e pour une greffe de cheveux. \u00c0 cet \u00e2ge, le sch\u00e9ma de la calvitie est g\u00e9n\u00e9ralement plus d\u00e9fini.<\/p><p data-start=\"2012\" data-end=\"2230\">La zone donneuse peut \u00eatre \u00e9valu\u00e9e avec plus de pr\u00e9cision et la ligne capillaire peut \u00eatre con\u00e7ue de mani\u00e8re plus adapt\u00e9e. Les attentes sont \u00e9galement plus r\u00e9alistes, ce qui favorise des r\u00e9sultats naturels et durables.<\/p><h3 data-start=\"2232\" data-end=\"2277\">Peut-on r\u00e9aliser une greffe apr\u00e8s 50 ans ?<\/h3><p data-start=\"2279\" data-end=\"2512\">Il est faux de penser qu\u2019une greffe n\u2019est plus possible apr\u00e8s un certain \u00e2ge. Les personnes de plus de 50 ans peuvent b\u00e9n\u00e9ficier d\u2019une intervention si leur \u00e9tat de sant\u00e9 g\u00e9n\u00e9ral est satisfaisant et si la zone donneuse est suffisante.<\/p><p data-start=\"2514\" data-end=\"2720\">Les maladies chroniques, la qualit\u00e9 de la peau et l\u2019\u00e9valuation m\u00e9dicale globale sont des facteurs d\u00e9terminants. Chez les candidats adapt\u00e9s, il est possible d\u2019obtenir des r\u00e9sultats naturels et satisfaisants.<\/p><h3 data-start=\"2722\" data-end=\"2777\">L\u2019\u00e2ge est-il plus important que le niveau de perte ?<\/h3><p data-start=\"2779\" data-end=\"2902\">Dans une greffe de cheveux, le crit\u00e8re principal n\u2019est pas l\u2019\u00e2ge, mais le degr\u00e9 de perte et la qualit\u00e9 de la zone donneuse.<\/p><p data-start=\"2904\" data-end=\"3127\">L\u2019\u00e9valuation selon l\u2019\u00e9chelle de Norwood permet de d\u00e9terminer l\u2019\u00e9tendue de la calvitie. Deux personnes du m\u00eame \u00e2ge peuvent n\u00e9cessiter des plans totalement diff\u00e9rents. C\u2019est pourquoi une analyse personnalis\u00e9e est essentielle.<\/p><h3 data-start=\"3129\" data-end=\"3158\">\u00c9valuation avant la greffe<\/h3><p data-start=\"3160\" data-end=\"3354\">Le type de perte est identifi\u00e9<br data-start=\"3190\" data-end=\"3193\" \/>La densit\u00e9 de la zone donneuse est mesur\u00e9e<br data-start=\"3235\" data-end=\"3238\" \/>La ligne frontale est planifi\u00e9e<br data-start=\"3269\" data-end=\"3272\" \/>Les ant\u00e9c\u00e9dents m\u00e9dicaux sont examin\u00e9s<br data-start=\"3310\" data-end=\"3313\" \/>Les attentes du patient sont clarifi\u00e9es<\/p><p data-start=\"3356\" data-end=\"3469\">La d\u00e9cision ne doit jamais \u00eatre prise uniquement en fonction de l\u2019\u00e2ge, mais \u00e0 la suite d\u2019une \u00e9valuation compl\u00e8te.<\/p><h3 data-start=\"3471\" data-end=\"3514\">Le bon moment est personnel<\/h3><p data-start=\"3516\" data-end=\"3664\">Il n\u2019existe pas une tranche d\u2019\u00e2ge unique id\u00e9ale pour une greffe de cheveux. L\u2019intervention peut \u00eatre r\u00e9alis\u00e9e d\u00e8s la vingtaine et au-del\u00e0 de 50 ans.<\/p>\t\t\t\t\t\t<\/div>\n\t\t\t\t<\/div>\n\t\t\t\t\t<\/div>\n\t\t<\/div>\n\t\t\t\t\t<\/div>\n\t\t<\/section>\n\t\t\t\t<\/div>","protected":false},"excerpt":{"rendered":"<p>D\u00e9couvrez l\u2019\u00e2ge id\u00e9al pour une greffe de cheveux, les facteurs \u00e0 consid\u00e9rer et le moment opportun pour obtenir des r\u00e9sultats naturels et durables.<\/p>","protected":false},"author":1,"featured_media":14553,"comment_status":"closed","ping_status":"closed","sticky":false,"template":"","format":"standard","meta":{"footnotes":""},"categories":[42],"tags":[],"class_list":["post-14552","post","type-post","status-publish","format-standard","has-post-thumbnail","hentry","category-greffe-de-cheveux"],"aioseo_notices":[],"_links":{"self":[{"href":"https:\/\/zeynepmetin.com\/fr\/wp-json\/wp\/v2\/posts\/14552","targetHints":{"allow":["GET"]}}],"collection":[{"href":"https:\/\/zeynepmetin.com\/fr\/wp-json\/wp\/v2\/posts"}],"about":[{"href":"https:\/\/zeynepmetin.com\/fr\/wp-json\/wp\/v2\/types\/post"}],"author":[{"embeddable":true,"href":"https:\/\/zeynepmetin.com\/fr\/wp-json\/wp\/v2\/users\/1"}],"replies":[{"embeddable":true,"href":"https:\/\/zeynepmetin.com\/fr\/wp-json\/wp\/v2\/comments?post=14552"}],"version-history":[{"count":4,"href":"https:\/\/zeynepmetin.com\/fr\/wp-json\/wp\/v2\/posts\/14552\/revisions"}],"predecessor-version":[{"id":14557,"href":"https:\/\/zeynepmetin.com\/fr\/wp-json\/wp\/v2\/posts\/14552\/revisions\/14557"}],"wp:featuredmedia":[{"embeddable":true,"href":"https:\/\/zeynepmetin.com\/fr\/wp-json\/wp\/v2\/media\/14553"}],"wp:attachment":[{"href":"https:\/\/zeynepmetin.com\/fr\/wp-json\/wp\/v2\/media?parent=14552"}],"wp:term":[{"taxonomy":"category","embeddable":true,"href":"https:\/\/zeynepmetin.com\/fr\/wp-json\/wp\/v2\/categories?post=14552"},{"taxonomy":"post_tag","embeddable":true,"href":"https:\/\/zeynepmetin.com\/fr\/wp-json\/wp\/v2\/tags?post=14552"}],"curies":[{"name":"wp","href":"https:\/\/api.w.org\/{rel}","templated":true}]}}