{"id":14215,"date":"2025-11-07T14:15:39","date_gmt":"2025-11-07T11:15:39","guid":{"rendered":"https:\/\/zeynepmetin.com\/fr\/?p=14215"},"modified":"2025-11-07T14:19:13","modified_gmt":"2025-11-07T11:19:13","slug":"quelles-carences-en-vitamines-peuvent-provoquer-la-chute-des-cheveux","status":"publish","type":"post","link":"https:\/\/zeynepmetin.com\/fr\/quelles-carences-en-vitamines-peuvent-provoquer-la-chute-des-cheveux.html\/","title":{"rendered":"Quelles Carences en Vitamines Peuvent Provoquer la Chute des Cheveux ?"},"content":{"rendered":"<div data-elementor-type=\"wp-post\" data-elementor-id=\"14215\" class=\"elementor elementor-14215\" data-elementor-post-type=\"post\">\n\t\t\t\t\t\t<section class=\"elementor-section elementor-top-section elementor-element elementor-element-d88f536 elementor-section-boxed elementor-section-height-default elementor-section-height-default wpr-particle-no wpr-jarallax-no wpr-parallax-no wpr-sticky-section-no\" data-id=\"d88f536\" data-element_type=\"section\">\n\t\t\t\t\t\t<div class=\"elementor-container elementor-column-gap-default\">\n\t\t\t\t\t<div class=\"elementor-column elementor-col-100 elementor-top-column elementor-element elementor-element-44e9c15\" data-id=\"44e9c15\" data-element_type=\"column\">\n\t\t\t<div class=\"elementor-widget-wrap elementor-element-populated\">\n\t\t\t\t\t\t<div class=\"elementor-element elementor-element-e5b7c4f elementor-widget elementor-widget-text-editor\" data-id=\"e5b7c4f\" data-element_type=\"widget\" data-widget_type=\"text-editor.default\">\n\t\t\t\t<div class=\"elementor-widget-container\">\n\t\t\t\t\t\t\t<p>La perte de cheveux touche des millions de personnes dans le monde entier \u2014 et son impact va bien au-del\u00e0 de l\u2019apparence.<br \/>Elle a souvent des cons\u00e9quences \u00e9motionnelles et psychologiques, influen\u00e7ant la confiance en soi et l\u2019image personnelle.<br \/>Si les <strong>facteurs g\u00e9n\u00e9tiques, hormonaux et li\u00e9s au mode de vie<\/strong> sont largement reconnus, un facteur essentiel mais souvent n\u00e9glig\u00e9 demeure la <strong>carence en vitamines<\/strong>.<\/p><p>Les vitamines sont des micronutriments indispensables au bon fonctionnement de l\u2019organisme, y compris aux m\u00e9canismes responsables d\u2019une croissance capillaire saine.<br \/>Des niveaux insuffisants de certaines vitamines \u2014 notamment la <strong>vitamine D, la B12 et le fer<\/strong> \u2014 peuvent perturber le cycle capillaire, affaiblir les cheveux et entra\u00eener une perte temporaire ou chronique.<\/p><p>Comprendre comment ces nutriments interagissent avec le cuir chevelu et les follicules permet d\u2019identifier rapidement les carences et d\u2019adopter des solutions efficaces pour stimuler la repousse.<\/p><h2>Qu\u2019est-ce que la Chute de Cheveux et Pourquoi se Produit-elle ?<\/h2><p>La <strong>chute de cheveux<\/strong>, ou <em>alop\u00e9cie<\/em>, d\u00e9signe un amincissement progressif ou une disparition compl\u00e8te des cheveux dans des zones o\u00f9 ils poussent normalement.<br \/>Elle peut se manifester par une perte diffuse, des plaques chauves ou une calvitie totale, selon la cause.<\/p><h3>Causes les plus fr\u00e9quentes :<\/h3><ul><li><strong>Facteurs g\u00e9n\u00e9tiques :<\/strong> Calvitie h\u00e9r\u00e9ditaire chez l\u2019homme et la femme.<\/li><li><strong>Changements hormonaux :<\/strong> Grossesse, m\u00e9nopause ou troubles thyro\u00efdiens modifiant le cycle capillaire.<\/li><li><strong>Affections m\u00e9dicales :<\/strong> Maladies auto-immunes ou infections du cuir chevelu comme l\u2019alop\u00e9cie areata.<\/li><li><strong>M\u00e9dicaments :<\/strong> Traitements contre l\u2019hypertension, la d\u00e9pression ou le cancer.<\/li><li><strong>Stress :<\/strong> Le stress physique ou \u00e9motionnel peut provoquer une perte temporaire (<em>effluvium t\u00e9log\u00e8ne<\/em>).<\/li><li><strong>Pratiques capillaires :<\/strong> Coiffures trop serr\u00e9es ou produits chimiques agressifs qui fragilisent les follicules.<\/li><\/ul><h3>Chute Temporaire vs. Permanente<\/h3><ul><li><strong>Temporaire :<\/strong> Provoqu\u00e9e par le stress, une alimentation d\u00e9s\u00e9quilibr\u00e9e ou certains m\u00e9dicaments. La repousse revient g\u00e9n\u00e9ralement une fois la cause r\u00e9solue.<\/li><li><strong>Permanente :<\/strong> Li\u00e9e \u00e0 des changements hormonaux ou g\u00e9n\u00e9tiques endommageant d\u00e9finitivement les follicules. Des traitements tels que le PRP ou la greffe capillaire peuvent \u00eatre n\u00e9cessaires.<\/li><\/ul><p>Identifier le type de chute permet d\u2019adopter le traitement le plus adapt\u00e9.<\/p>\t\t\t\t\t\t<\/div>\n\t\t\t\t<\/div>\n\t\t\t\t<div class=\"elementor-element elementor-element-18b7977 elementor-widget elementor-widget-spacer\" data-id=\"18b7977\" data-element_type=\"widget\" data-widget_type=\"spacer.default\">\n\t\t\t\t<div class=\"elementor-widget-container\">\n\t\t\t\t\t<div class=\"elementor-spacer\">\n\t\t\t<div class=\"elementor-spacer-inner\"><\/div>\n\t\t<\/div>\n\t\t\t\t<\/div>\n\t\t\t\t<\/div>\n\t\t\t\t<div class=\"elementor-element elementor-element-09b97ad elementor-widget elementor-widget-video\" data-id=\"09b97ad\" data-element_type=\"widget\" data-settings=\"{&quot;youtube_url&quot;:&quot;https:\\\/\\\/youtu.be\\\/czdWSXo90JE&quot;,&quot;video_type&quot;:&quot;youtube&quot;,&quot;controls&quot;:&quot;yes&quot;}\" data-widget_type=\"video.default\">\n\t\t\t\t<div class=\"elementor-widget-container\">\n\t\t\t\t\t<div class=\"elementor-wrapper elementor-open-inline\">\n\t\t\t<div class=\"elementor-video\"><\/div>\t\t<\/div>\n\t\t\t\t<\/div>\n\t\t\t\t<\/div>\n\t\t\t\t<div class=\"elementor-element elementor-element-5707c59 elementor-widget elementor-widget-spacer\" data-id=\"5707c59\" data-element_type=\"widget\" data-widget_type=\"spacer.default\">\n\t\t\t\t<div class=\"elementor-widget-container\">\n\t\t\t\t\t<div class=\"elementor-spacer\">\n\t\t\t<div class=\"elementor-spacer-inner\"><\/div>\n\t\t<\/div>\n\t\t\t\t<\/div>\n\t\t\t\t<\/div>\n\t\t\t\t<div class=\"elementor-element elementor-element-b13b5ac elementor-widget elementor-widget-text-editor\" data-id=\"b13b5ac\" data-element_type=\"widget\" data-widget_type=\"text-editor.default\">\n\t\t\t\t<div class=\"elementor-widget-container\">\n\t\t\t\t\t\t\t<h2>Le R\u00f4le des Vitamines dans la Croissance et la Sant\u00e9 Capillaire<\/h2><p>Des cheveux sains d\u00e9pendent d\u2019un apport r\u00e9gulier en nutriments pour maintenir l\u2019activit\u00e9 folliculaire.<br \/>Chaque vitamine joue un r\u00f4le sp\u00e9cifique dans ce processus :<\/p><ul><li><strong>Vitamine D :<\/strong> Stimule la cr\u00e9ation de nouveaux follicules et pr\u00e9vient leur miniaturisation.<\/li><li><strong>Vitamine B12 :<\/strong> Favorise la production de globules rouges riches en oxyg\u00e8ne qui nourrissent les racines.<\/li><li><strong>Fer :<\/strong> Facilite le transport de l\u2019oxyg\u00e8ne vers les cellules, renfor\u00e7ant croissance et vitalit\u00e9.<\/li><li><strong>Vitamine A :<\/strong> Encourage la production de s\u00e9bum pour hydrater le cuir chevelu et maintenir la souplesse des cheveux.<\/li><li><strong>Vitamine E :<\/strong> Prot\u00e8ge les follicules du stress oxydatif provoqu\u00e9 par les radicaux libres.<\/li><li><strong>Biotine (Vitamine B7) :<\/strong> Renforce la structure de la k\u00e9ratine, am\u00e9liorant l\u2019\u00e9paisseur et la r\u00e9sistance des fibres.<\/li><\/ul><p>M\u00eame une l\u00e9g\u00e8re carence peut perturber l\u2019\u00e9quilibre du cuir chevelu et affaiblir les follicules \u00e0 long terme.<\/p><h2>Le Cycle de Croissance des Cheveux : Comment la Nutrition Influence Chaque Phase<\/h2><p>Le <strong>cycle de croissance capillaire<\/strong> comprend trois \u00e9tapes principales, toutes influenc\u00e9es par la nutrition :<\/p><ol><li><strong>Phase Anag\u00e8ne (croissance) :<\/strong> Les vitamines D et la biotine prolongent cette phase, favorisant une croissance plus longue et plus dense.<\/li><li><strong>Phase Catag\u00e8ne (transition) :<\/strong> Les vitamines A et E soutiennent la sant\u00e9 des follicules pendant cette p\u00e9riode de r\u00e9gression.<\/li><li><strong>Phase T\u00e9log\u00e8ne (repos) :<\/strong> Un apport ad\u00e9quat en nutriments emp\u00eache une chute excessive et un repos pr\u00e9matur\u00e9 des follicules.<\/li><\/ol><p>Une baisse du taux de vitamines peut pousser les cheveux \u00e0 entrer trop t\u00f4t dans la phase de repos, entra\u00eenant un amincissement ou une chute visible.<\/p><h2>Au-del\u00e0 de la Nutrition : Autres Facteurs Importants de la Perte Capillaire<\/h2><p>Bien que les carences en vitamines jouent un r\u00f4le essentiel, d\u2019autres \u00e9l\u00e9ments peuvent s\u2019y associer :<\/p><ul><li><strong>D\u00e9s\u00e9quilibres hormonaux :<\/strong> Variations des niveaux d\u2019\u0153strog\u00e8nes, de testost\u00e9rone ou d\u2019hormones thyro\u00efdiennes.<\/li><li><strong>Pr\u00e9disposition g\u00e9n\u00e9tique :<\/strong> L\u2019alop\u00e9cie androg\u00e9n\u00e9tique est fortement h\u00e9r\u00e9ditaire.<\/li><li><strong>Stress et environnement :<\/strong> Pollution, rayons UV et stress \u00e9motionnel provoquent un stress oxydatif nuisible aux follicules.<\/li><li><strong>M\u00e9dicaments et traitements m\u00e9dicaux :<\/strong> La chimioth\u00e9rapie, les anticoagulants ou certains contraceptifs peuvent causer une perte temporaire.<\/li><\/ul><p>Une approche compl\u00e8te doit consid\u00e9rer tous ces facteurs pour obtenir des r\u00e9sultats durables.<\/p><h2>Restaurer la Sant\u00e9 Capillaire : Approches et Traitements<\/h2><h3>1. Adopter une Alimentation \u00c9quilibr\u00e9e<\/h3><p>Une alimentation riche en vitamines et min\u00e9raux constitue la base d\u2019une chevelure saine.<br \/>Inclure :<\/p><ul><li>Poissons gras, \u0153ufs et produits laitiers pour la <strong>vitamine D et B12<\/strong><\/li><li>L\u00e9gumes verts et l\u00e9gumineuses pour le <strong>fer et les folates<\/strong><\/li><li>Noix, graines et avocats pour la <strong>vitamine E et les acides gras sains<\/strong><\/li><\/ul><p>La diversit\u00e9 alimentaire garantit un apport complet pour la r\u00e9g\u00e9n\u00e9ration du cuir chevelu.<\/p><h3>2. Utiliser les Compl\u00e9ments avec Prudence<\/h3><p>Lorsque l\u2019alimentation ne suffit pas, les compl\u00e9ments peuvent corriger les carences :<\/p><ul><li>Vitamine D, Biotine, Zinc et Fer \u2014 \u00e0 consommer sous supervision m\u00e9dicale.<br \/>Un dosage personnalis\u00e9, fond\u00e9 sur des analyses sanguines, est essentiel pour \u00e9viter tout exc\u00e8s.<\/li><\/ul><h3>3. Explorer les Solutions Avanc\u00e9es<\/h3><p>En cas de perte permanente des follicules :<\/p><ul><li><strong>Greffe Capillaire :<\/strong> Redistribue les follicules des zones denses vers les zones clairsem\u00e9es pour un r\u00e9sultat naturel.<\/li><li><strong>PRP ou M\u00e9soth\u00e9rapie :<\/strong> Stimule la vitalit\u00e9 folliculaire gr\u00e2ce aux facteurs de croissance.<\/li><\/ul><h2>Conclusion : Les Vitamines, Cl\u00e9 de Cheveux Plus Forts et Plus Sains<\/h2><p>La perte de cheveux est un ph\u00e9nom\u00e8ne multifactoriel \u2014 et si la g\u00e9n\u00e9tique ou le stress en sont souvent la cause principale, l\u2019\u00e9quilibre nutritionnel reste tout aussi essentiel.<br \/>Maintenir des niveaux ad\u00e9quats de <strong>vitamine D, B12, fer, biotine<\/strong> et d\u2019autres micronutriments renforce le cycle capillaire, stimule la vitalit\u00e9 folliculaire et pr\u00e9vient l\u2019amincissement futur.<\/p><p>En combinant une alimentation riche, une suppl\u00e9mentation cibl\u00e9e et des traitements professionnels, il est possible de retrouver non seulement ses cheveux, mais aussi sa confiance.<\/p>\t\t\t\t\t\t<\/div>\n\t\t\t\t<\/div>\n\t\t\t\t<div class=\"elementor-element elementor-element-734b752 elementor-widget elementor-widget-spacer\" data-id=\"734b752\" data-element_type=\"widget\" data-widget_type=\"spacer.default\">\n\t\t\t\t<div class=\"elementor-widget-container\">\n\t\t\t\t\t<div class=\"elementor-spacer\">\n\t\t\t<div class=\"elementor-spacer-inner\"><\/div>\n\t\t<\/div>\n\t\t\t\t<\/div>\n\t\t\t\t<\/div>\n\t\t\t\t\t<\/div>\n\t\t<\/div>\n\t\t\t\t\t<\/div>\n\t\t<\/section>\n\t\t\t\t<\/div>","protected":false},"excerpt":{"rendered":"<p>D\u00e9couvrez comment les carences en vitamine D, B12 et fer provoquent la chute des cheveux. Conseils experts de la Zeynep Metin Clinic pour des cheveux forts.<\/p>","protected":false},"author":2,"featured_media":14216,"comment_status":"closed","ping_status":"closed","sticky":false,"template":"","format":"standard","meta":{"footnotes":""},"categories":[42],"tags":[],"class_list":["post-14215","post","type-post","status-publish","format-standard","has-post-thumbnail","hentry","category-greffe-de-cheveux"],"aioseo_notices":[],"_links":{"self":[{"href":"https:\/\/zeynepmetin.com\/fr\/wp-json\/wp\/v2\/posts\/14215","targetHints":{"allow":["GET"]}}],"collection":[{"href":"https:\/\/zeynepmetin.com\/fr\/wp-json\/wp\/v2\/posts"}],"about":[{"href":"https:\/\/zeynepmetin.com\/fr\/wp-json\/wp\/v2\/types\/post"}],"author":[{"embeddable":true,"href":"https:\/\/zeynepmetin.com\/fr\/wp-json\/wp\/v2\/users\/2"}],"replies":[{"embeddable":true,"href":"https:\/\/zeynepmetin.com\/fr\/wp-json\/wp\/v2\/comments?post=14215"}],"version-history":[{"count":5,"href":"https:\/\/zeynepmetin.com\/fr\/wp-json\/wp\/v2\/posts\/14215\/revisions"}],"predecessor-version":[{"id":14221,"href":"https:\/\/zeynepmetin.com\/fr\/wp-json\/wp\/v2\/posts\/14215\/revisions\/14221"}],"wp:featuredmedia":[{"embeddable":true,"href":"https:\/\/zeynepmetin.com\/fr\/wp-json\/wp\/v2\/media\/14216"}],"wp:attachment":[{"href":"https:\/\/zeynepmetin.com\/fr\/wp-json\/wp\/v2\/media?parent=14215"}],"wp:term":[{"taxonomy":"category","embeddable":true,"href":"https:\/\/zeynepmetin.com\/fr\/wp-json\/wp\/v2\/categories?post=14215"},{"taxonomy":"post_tag","embeddable":true,"href":"https:\/\/zeynepmetin.com\/fr\/wp-json\/wp\/v2\/tags?post=14215"}],"curies":[{"name":"wp","href":"https:\/\/api.w.org\/{rel}","templated":true}]}}